{"id":297,"date":"2021-07-30T14:28:38","date_gmt":"2021-07-30T11:28:38","guid":{"rendered":"http:\/\/multeciler.org.tr\/eng\/?p=297"},"modified":"2021-07-30T15:09:59","modified_gmt":"2021-07-30T12:09:59","slug":"unhcr-turkey-representative-philippe-leclerc-visited-our-association","status":"publish","type":"post","link":"https:\/\/multeciler.org.tr\/eng\/unhcr-turkey-representative-philippe-leclerc-visited-our-association\/","title":{"rendered":"UNHCR Turkey Representative Philippe Leclerc Visited Our Association"},"content":{"rendered":"<p>UNHCR Turkey Representative Philippe Leclerc visited our association on 28 July 2021 to closely examine the work done at our community center in Istanbul Sultanbeyli. Philippe Leclerc visited all units one by one, especially the Protection Services, Career Center, Humanitarian Aid and Education Unit supported by UNHCR and said that he was very impressed by activities. After examining the units, Philippe Leclerc met with the mukhtars, shopkeepers and mutfiate personnel in Sultanbeyli.<\/p>\n<p>Elif Selen Ay and Muhammed Fatih Alkaddah from UNHCR Istanbul Office also attended the visit. President of our association Zafer S\u00f6\u011f\u00fct\u00e7\u00fc and General Coordinator Halil \u0130brahim Ak\u0131nc\u0131 accompanied our guests from UNHCR.<\/p>\n<div id='gallery-1' class='gallery galleryid-297 gallery-columns-3 gallery-size-medium'><dl class='gallery-item'>\n\t\t\t<dt class='gallery-icon landscape'>\n\t\t\t\t<a href='https:\/\/multeciler.org.tr\/eng\/wp-content\/uploads\/2017\/03\/unhcr-turkiye-temsilcisi-philippe-leclerc-dernegimizi-ziyaret-etti-1.jpg' title=\"\" data-rl_title=\"\" class=\"rl-gallery-link\" data-rl_caption=\"\" data-rel=\"lightbox-gallery-1\"><img fetchpriority=\"high\" decoding=\"async\" width=\"300\" height=\"200\" src=\"https:\/\/multeciler.org.tr\/eng\/wp-content\/uploads\/2017\/03\/unhcr-turkiye-temsilcisi-philippe-leclerc-dernegimizi-ziyaret-etti-1-300x200.jpg\" class=\"attachment-medium size-medium\" alt=\"\" srcset=\"https:\/\/multeciler.org.tr\/eng\/wp-content\/uploads\/2017\/03\/unhcr-turkiye-temsilcisi-philippe-leclerc-dernegimizi-ziyaret-etti-1-300x200.jpg 300w, https:\/\/multeciler.org.tr\/eng\/wp-content\/uploads\/2017\/03\/unhcr-turkiye-temsilcisi-philippe-leclerc-dernegimizi-ziyaret-etti-1-1024x683.jpg 1024w, https:\/\/multeciler.org.tr\/eng\/wp-content\/uploads\/2017\/03\/unhcr-turkiye-temsilcisi-philippe-leclerc-dernegimizi-ziyaret-etti-1-768x512.jpg 768w, https:\/\/multeciler.org.tr\/eng\/wp-content\/uploads\/2017\/03\/unhcr-turkiye-temsilcisi-philippe-leclerc-dernegimizi-ziyaret-etti-1-930x620.jpg 930w, https:\/\/multeciler.org.tr\/eng\/wp-content\/uploads\/2017\/03\/unhcr-turkiye-temsilcisi-philippe-leclerc-dernegimizi-ziyaret-etti-1.jpg 1200w\" sizes=\"(max-width: 300px) 100vw, 300px\" \/><\/a>\n\t\t\t<\/dt><\/dl><dl class='gallery-item'>\n\t\t\t<dt class='gallery-icon landscape'>\n\t\t\t\t<a href='https:\/\/multeciler.org.tr\/eng\/wp-content\/uploads\/2017\/03\/unhcr-turkiye-temsilcisi-philippe-leclerc-dernegimizi-ziyaret-etti-2.jpg' title=\"\" data-rl_title=\"\" class=\"rl-gallery-link\" data-rl_caption=\"\" data-rel=\"lightbox-gallery-1\"><img decoding=\"async\" width=\"300\" height=\"200\" src=\"https:\/\/multeciler.org.tr\/eng\/wp-content\/uploads\/2017\/03\/unhcr-turkiye-temsilcisi-philippe-leclerc-dernegimizi-ziyaret-etti-2-300x200.jpg\" class=\"attachment-medium size-medium\" alt=\"\" srcset=\"https:\/\/multeciler.org.tr\/eng\/wp-content\/uploads\/2017\/03\/unhcr-turkiye-temsilcisi-philippe-leclerc-dernegimizi-ziyaret-etti-2-300x200.jpg 300w, https:\/\/multeciler.org.tr\/eng\/wp-content\/uploads\/2017\/03\/unhcr-turkiye-temsilcisi-philippe-leclerc-dernegimizi-ziyaret-etti-2-1024x683.jpg 1024w, https:\/\/multeciler.org.tr\/eng\/wp-content\/uploads\/2017\/03\/unhcr-turkiye-temsilcisi-philippe-leclerc-dernegimizi-ziyaret-etti-2-768x512.jpg 768w, https:\/\/multeciler.org.tr\/eng\/wp-content\/uploads\/2017\/03\/unhcr-turkiye-temsilcisi-philippe-leclerc-dernegimizi-ziyaret-etti-2-930x620.jpg 930w, https:\/\/multeciler.org.tr\/eng\/wp-content\/uploads\/2017\/03\/unhcr-turkiye-temsilcisi-philippe-leclerc-dernegimizi-ziyaret-etti-2.jpg 1200w\" sizes=\"(max-width: 300px) 100vw, 300px\" \/><\/a>\n\t\t\t<\/dt><\/dl><dl class='gallery-item'>\n\t\t\t<dt class='gallery-icon landscape'>\n\t\t\t\t<a href='https:\/\/multeciler.org.tr\/eng\/wp-content\/uploads\/2017\/03\/unhcr-turkiye-temsilcisi-philippe-leclerc-dernegimizi-ziyaret-etti-3.jpg' title=\"\" data-rl_title=\"\" class=\"rl-gallery-link\" data-rl_caption=\"\" data-rel=\"lightbox-gallery-1\"><img decoding=\"async\" width=\"300\" height=\"200\" src=\"https:\/\/multeciler.org.tr\/eng\/wp-content\/uploads\/2017\/03\/unhcr-turkiye-temsilcisi-philippe-leclerc-dernegimizi-ziyaret-etti-3-300x200.jpg\" class=\"attachment-medium size-medium\" alt=\"\" srcset=\"https:\/\/multeciler.org.tr\/eng\/wp-content\/uploads\/2017\/03\/unhcr-turkiye-temsilcisi-philippe-leclerc-dernegimizi-ziyaret-etti-3-300x200.jpg 300w, https:\/\/multeciler.org.tr\/eng\/wp-content\/uploads\/2017\/03\/unhcr-turkiye-temsilcisi-philippe-leclerc-dernegimizi-ziyaret-etti-3-1024x683.jpg 1024w, https:\/\/multeciler.org.tr\/eng\/wp-content\/uploads\/2017\/03\/unhcr-turkiye-temsilcisi-philippe-leclerc-dernegimizi-ziyaret-etti-3-768x512.jpg 768w, https:\/\/multeciler.org.tr\/eng\/wp-content\/uploads\/2017\/03\/unhcr-turkiye-temsilcisi-philippe-leclerc-dernegimizi-ziyaret-etti-3-930x620.jpg 930w, https:\/\/multeciler.org.tr\/eng\/wp-content\/uploads\/2017\/03\/unhcr-turkiye-temsilcisi-philippe-leclerc-dernegimizi-ziyaret-etti-3.jpg 1200w\" sizes=\"(max-width: 300px) 100vw, 300px\" \/><\/a>\n\t\t\t<\/dt><\/dl><br style=\"clear: both\" \/><dl class='gallery-item'>\n\t\t\t<dt class='gallery-icon landscape'>\n\t\t\t\t<a href='https:\/\/multeciler.org.tr\/eng\/wp-content\/uploads\/2017\/03\/unhcr-turkiye-temsilcisi-philippe-leclerc-dernegimizi-ziyaret-etti-4.jpg' title=\"\" data-rl_title=\"\" class=\"rl-gallery-link\" data-rl_caption=\"\" data-rel=\"lightbox-gallery-1\"><img loading=\"lazy\" decoding=\"async\" width=\"300\" height=\"200\" src=\"https:\/\/multeciler.org.tr\/eng\/wp-content\/uploads\/2017\/03\/unhcr-turkiye-temsilcisi-philippe-leclerc-dernegimizi-ziyaret-etti-4-300x200.jpg\" class=\"attachment-medium size-medium\" alt=\"\" srcset=\"https:\/\/multeciler.org.tr\/eng\/wp-content\/uploads\/2017\/03\/unhcr-turkiye-temsilcisi-philippe-leclerc-dernegimizi-ziyaret-etti-4-300x200.jpg 300w, https:\/\/multeciler.org.tr\/eng\/wp-content\/uploads\/2017\/03\/unhcr-turkiye-temsilcisi-philippe-leclerc-dernegimizi-ziyaret-etti-4-1024x683.jpg 1024w, https:\/\/multeciler.org.tr\/eng\/wp-content\/uploads\/2017\/03\/unhcr-turkiye-temsilcisi-philippe-leclerc-dernegimizi-ziyaret-etti-4-768x512.jpg 768w, https:\/\/multeciler.org.tr\/eng\/wp-content\/uploads\/2017\/03\/unhcr-turkiye-temsilcisi-philippe-leclerc-dernegimizi-ziyaret-etti-4-930x620.jpg 930w, https:\/\/multeciler.org.tr\/eng\/wp-content\/uploads\/2017\/03\/unhcr-turkiye-temsilcisi-philippe-leclerc-dernegimizi-ziyaret-etti-4.jpg 1200w\" sizes=\"(max-width: 300px) 100vw, 300px\" \/><\/a>\n\t\t\t<\/dt><\/dl><dl class='gallery-item'>\n\t\t\t<dt class='gallery-icon landscape'>\n\t\t\t\t<a href='https:\/\/multeciler.org.tr\/eng\/wp-content\/uploads\/2017\/03\/unhcr-turkiye-temsilcisi-philippe-leclerc-dernegimizi-ziyaret-etti-5.jpg' title=\"\" data-rl_title=\"\" class=\"rl-gallery-link\" data-rl_caption=\"\" data-rel=\"lightbox-gallery-1\"><img loading=\"lazy\" decoding=\"async\" width=\"300\" height=\"200\" src=\"https:\/\/multeciler.org.tr\/eng\/wp-content\/uploads\/2017\/03\/unhcr-turkiye-temsilcisi-philippe-leclerc-dernegimizi-ziyaret-etti-5-300x200.jpg\" class=\"attachment-medium size-medium\" alt=\"\" srcset=\"https:\/\/multeciler.org.tr\/eng\/wp-content\/uploads\/2017\/03\/unhcr-turkiye-temsilcisi-philippe-leclerc-dernegimizi-ziyaret-etti-5-300x200.jpg 300w, https:\/\/multeciler.org.tr\/eng\/wp-content\/uploads\/2017\/03\/unhcr-turkiye-temsilcisi-philippe-leclerc-dernegimizi-ziyaret-etti-5-1024x683.jpg 1024w, https:\/\/multeciler.org.tr\/eng\/wp-content\/uploads\/2017\/03\/unhcr-turkiye-temsilcisi-philippe-leclerc-dernegimizi-ziyaret-etti-5-768x512.jpg 768w, https:\/\/multeciler.org.tr\/eng\/wp-content\/uploads\/2017\/03\/unhcr-turkiye-temsilcisi-philippe-leclerc-dernegimizi-ziyaret-etti-5-930x620.jpg 930w, https:\/\/multeciler.org.tr\/eng\/wp-content\/uploads\/2017\/03\/unhcr-turkiye-temsilcisi-philippe-leclerc-dernegimizi-ziyaret-etti-5.jpg 1200w\" sizes=\"(max-width: 300px) 100vw, 300px\" \/><\/a>\n\t\t\t<\/dt><\/dl><dl class='gallery-item'>\n\t\t\t<dt class='gallery-icon landscape'>\n\t\t\t\t<a href='https:\/\/multeciler.org.tr\/eng\/wp-content\/uploads\/2017\/03\/unhcr-turkiye-temsilcisi-philippe-leclerc-dernegimizi-ziyaret-etti-6.jpg' title=\"\" data-rl_title=\"\" class=\"rl-gallery-link\" data-rl_caption=\"\" data-rel=\"lightbox-gallery-1\"><img loading=\"lazy\" decoding=\"async\" width=\"300\" height=\"200\" src=\"https:\/\/multeciler.org.tr\/eng\/wp-content\/uploads\/2017\/03\/unhcr-turkiye-temsilcisi-philippe-leclerc-dernegimizi-ziyaret-etti-6-300x200.jpg\" class=\"attachment-medium size-medium\" alt=\"\" srcset=\"https:\/\/multeciler.org.tr\/eng\/wp-content\/uploads\/2017\/03\/unhcr-turkiye-temsilcisi-philippe-leclerc-dernegimizi-ziyaret-etti-6-300x200.jpg 300w, https:\/\/multeciler.org.tr\/eng\/wp-content\/uploads\/2017\/03\/unhcr-turkiye-temsilcisi-philippe-leclerc-dernegimizi-ziyaret-etti-6-1024x683.jpg 1024w, https:\/\/multeciler.org.tr\/eng\/wp-content\/uploads\/2017\/03\/unhcr-turkiye-temsilcisi-philippe-leclerc-dernegimizi-ziyaret-etti-6-768x512.jpg 768w, https:\/\/multeciler.org.tr\/eng\/wp-content\/uploads\/2017\/03\/unhcr-turkiye-temsilcisi-philippe-leclerc-dernegimizi-ziyaret-etti-6-930x620.jpg 930w, https:\/\/multeciler.org.tr\/eng\/wp-content\/uploads\/2017\/03\/unhcr-turkiye-temsilcisi-philippe-leclerc-dernegimizi-ziyaret-etti-6.jpg 1200w\" sizes=\"(max-width: 300px) 100vw, 300px\" \/><\/a>\n\t\t\t<\/dt><\/dl><br style=\"clear: both\" \/><dl class='gallery-item'>\n\t\t\t<dt class='gallery-icon landscape'>\n\t\t\t\t<a href='https:\/\/multeciler.org.tr\/eng\/wp-content\/uploads\/2017\/03\/unhcr-turkiye-temsilcisi-philippe-leclerc-dernegimizi-ziyaret-etti-7.jpg' title=\"\" data-rl_title=\"\" class=\"rl-gallery-link\" data-rl_caption=\"\" data-rel=\"lightbox-gallery-1\"><img loading=\"lazy\" decoding=\"async\" width=\"300\" height=\"200\" src=\"https:\/\/multeciler.org.tr\/eng\/wp-content\/uploads\/2017\/03\/unhcr-turkiye-temsilcisi-philippe-leclerc-dernegimizi-ziyaret-etti-7-300x200.jpg\" class=\"attachment-medium size-medium\" alt=\"\" srcset=\"https:\/\/multeciler.org.tr\/eng\/wp-content\/uploads\/2017\/03\/unhcr-turkiye-temsilcisi-philippe-leclerc-dernegimizi-ziyaret-etti-7-300x200.jpg 300w, https:\/\/multeciler.org.tr\/eng\/wp-content\/uploads\/2017\/03\/unhcr-turkiye-temsilcisi-philippe-leclerc-dernegimizi-ziyaret-etti-7-1024x683.jpg 1024w, https:\/\/multeciler.org.tr\/eng\/wp-content\/uploads\/2017\/03\/unhcr-turkiye-temsilcisi-philippe-leclerc-dernegimizi-ziyaret-etti-7-768x512.jpg 768w, https:\/\/multeciler.org.tr\/eng\/wp-content\/uploads\/2017\/03\/unhcr-turkiye-temsilcisi-philippe-leclerc-dernegimizi-ziyaret-etti-7-930x620.jpg 930w, https:\/\/multeciler.org.tr\/eng\/wp-content\/uploads\/2017\/03\/unhcr-turkiye-temsilcisi-philippe-leclerc-dernegimizi-ziyaret-etti-7.jpg 1200w\" sizes=\"(max-width: 300px) 100vw, 300px\" \/><\/a>\n\t\t\t<\/dt><\/dl><dl class='gallery-item'>\n\t\t\t<dt class='gallery-icon landscape'>\n\t\t\t\t<a href='https:\/\/multeciler.org.tr\/eng\/wp-content\/uploads\/2017\/03\/unhcr-turkiye-temsilcisi-philippe-leclerc-dernegimizi-ziyaret-etti-8.jpg' title=\"\" data-rl_title=\"\" class=\"rl-gallery-link\" data-rl_caption=\"\" data-rel=\"lightbox-gallery-1\"><img loading=\"lazy\" decoding=\"async\" width=\"300\" height=\"200\" src=\"https:\/\/multeciler.org.tr\/eng\/wp-content\/uploads\/2017\/03\/unhcr-turkiye-temsilcisi-philippe-leclerc-dernegimizi-ziyaret-etti-8-300x200.jpg\" class=\"attachment-medium size-medium\" alt=\"\" srcset=\"https:\/\/multeciler.org.tr\/eng\/wp-content\/uploads\/2017\/03\/unhcr-turkiye-temsilcisi-philippe-leclerc-dernegimizi-ziyaret-etti-8-300x200.jpg 300w, https:\/\/multeciler.org.tr\/eng\/wp-content\/uploads\/2017\/03\/unhcr-turkiye-temsilcisi-philippe-leclerc-dernegimizi-ziyaret-etti-8-1024x683.jpg 1024w, https:\/\/multeciler.org.tr\/eng\/wp-content\/uploads\/2017\/03\/unhcr-turkiye-temsilcisi-philippe-leclerc-dernegimizi-ziyaret-etti-8-768x512.jpg 768w, https:\/\/multeciler.org.tr\/eng\/wp-content\/uploads\/2017\/03\/unhcr-turkiye-temsilcisi-philippe-leclerc-dernegimizi-ziyaret-etti-8-930x620.jpg 930w, https:\/\/multeciler.org.tr\/eng\/wp-content\/uploads\/2017\/03\/unhcr-turkiye-temsilcisi-philippe-leclerc-dernegimizi-ziyaret-etti-8.jpg 1200w\" sizes=\"(max-width: 300px) 100vw, 300px\" \/><\/a>\n\t\t\t<\/dt><\/dl><dl class='gallery-item'>\n\t\t\t<dt class='gallery-icon landscape'>\n\t\t\t\t<a href='https:\/\/multeciler.org.tr\/eng\/wp-content\/uploads\/2017\/03\/unhcr-turkiye-temsilcisi-philippe-leclerc-dernegimizi-ziyaret-etti-9.jpg' title=\"\" data-rl_title=\"\" class=\"rl-gallery-link\" data-rl_caption=\"\" data-rel=\"lightbox-gallery-1\"><img loading=\"lazy\" decoding=\"async\" width=\"300\" height=\"200\" src=\"https:\/\/multeciler.org.tr\/eng\/wp-content\/uploads\/2017\/03\/unhcr-turkiye-temsilcisi-philippe-leclerc-dernegimizi-ziyaret-etti-9-300x200.jpg\" class=\"attachment-medium size-medium\" alt=\"\" srcset=\"https:\/\/multeciler.org.tr\/eng\/wp-content\/uploads\/2017\/03\/unhcr-turkiye-temsilcisi-philippe-leclerc-dernegimizi-ziyaret-etti-9-300x200.jpg 300w, https:\/\/multeciler.org.tr\/eng\/wp-content\/uploads\/2017\/03\/unhcr-turkiye-temsilcisi-philippe-leclerc-dernegimizi-ziyaret-etti-9-1024x683.jpg 1024w, https:\/\/multeciler.org.tr\/eng\/wp-content\/uploads\/2017\/03\/unhcr-turkiye-temsilcisi-philippe-leclerc-dernegimizi-ziyaret-etti-9-768x512.jpg 768w, https:\/\/multeciler.org.tr\/eng\/wp-content\/uploads\/2017\/03\/unhcr-turkiye-temsilcisi-philippe-leclerc-dernegimizi-ziyaret-etti-9-930x620.jpg 930w, https:\/\/multeciler.org.tr\/eng\/wp-content\/uploads\/2017\/03\/unhcr-turkiye-temsilcisi-philippe-leclerc-dernegimizi-ziyaret-etti-9.jpg 1200w\" sizes=\"(max-width: 300px) 100vw, 300px\" \/><\/a>\n\t\t\t<\/dt><\/dl><br style=\"clear: both\" \/>\n\t\t<\/div>\n\n","protected":false},"excerpt":{"rendered":"<p>UNHCR Turkey Representative Philippe Leclerc visited our association on 28 July 2021 to closely examine the work done at our community center in Istanbul Sultanbeyli. Philippe Leclerc visited all units one by one, especially the Protection Services, Career Center, Humanitarian Aid and Education Unit supported by UNHCR and said that he was very impressed by&hellip;&nbsp;<a href=\"https:\/\/multeciler.org.tr\/eng\/unhcr-turkey-representative-philippe-leclerc-visited-our-association\/\" class=\"\" rel=\"bookmark\">Read More &raquo;<span class=\"screen-reader-text\">UNHCR Turkey Representative Philippe Leclerc Visited Our Association<\/span><\/a><\/p>\n","protected":false},"author":1,"featured_media":4918,"comment_status":"closed","ping_status":"open","sticky":false,"template":"","format":"standard","meta":{"neve_meta_sidebar":"","neve_meta_container":"","neve_meta_enable_content_width":"off","neve_meta_content_width":0,"neve_meta_title_alignment":"","neve_meta_author_avatar":"","neve_post_elements_order":"","neve_meta_disable_header":"","neve_meta_disable_footer":"","neve_meta_disable_title":"","footnotes":""},"categories":[4],"tags":[27],"class_list":["post-297","post","type-post","status-publish","format-standard","has-post-thumbnail","hentry","category-activities","tag-unhcr"],"_links":{"self":[{"href":"https:\/\/multeciler.org.tr\/eng\/wp-json\/wp\/v2\/posts\/297","targetHints":{"allow":["GET"]}}],"collection":[{"href":"https:\/\/multeciler.org.tr\/eng\/wp-json\/wp\/v2\/posts"}],"about":[{"href":"https:\/\/multeciler.org.tr\/eng\/wp-json\/wp\/v2\/types\/post"}],"author":[{"embeddable":true,"href":"https:\/\/multeciler.org.tr\/eng\/wp-json\/wp\/v2\/users\/1"}],"replies":[{"embeddable":true,"href":"https:\/\/multeciler.org.tr\/eng\/wp-json\/wp\/v2\/comments?post=297"}],"version-history":[{"count":0,"href":"https:\/\/multeciler.org.tr\/eng\/wp-json\/wp\/v2\/posts\/297\/revisions"}],"wp:featuredmedia":[{"embeddable":true,"href":"https:\/\/multeciler.org.tr\/eng\/wp-json\/wp\/v2\/media\/4918"}],"wp:attachment":[{"href":"https:\/\/multeciler.org.tr\/eng\/wp-json\/wp\/v2\/media?parent=297"}],"wp:term":[{"taxonomy":"category","embeddable":true,"href":"https:\/\/multeciler.org.tr\/eng\/wp-json\/wp\/v2\/categories?post=297"},{"taxonomy":"post_tag","embeddable":true,"href":"https:\/\/multeciler.org.tr\/eng\/wp-json\/wp\/v2\/tags?post=297"}],"curies":[{"name":"wp","href":"https:\/\/api.w.org\/{rel}","templated":true}]}}