{"id":2318,"date":"2018-11-01T15:21:33","date_gmt":"2018-11-01T12:21:33","guid":{"rendered":"https:\/\/multeciler.org.tr\/eng\/?p=2318"},"modified":"2021-11-15T11:27:10","modified_gmt":"2021-11-15T08:27:10","slug":"my-incence-tree-is-turning-green-project","status":"publish","type":"post","link":"https:\/\/multeciler.org.tr\/eng\/my-incence-tree-is-turning-green-project\/","title":{"rendered":"My Incence Tree Is Turning Green Project"},"content":{"rendered":"<p>My Incence Tree Is Turning Green<\/strong> project in cooperation with Nezahat G\u00f6kyi\u011fit Botanical Garden has started with the participation of 20 students from Z\u00fcbeyde Han\u0131m Primary School.<\/p>\n<p>Within this project which puts nature and botany to the center, the trainings are divided into four categories under social development, art and sports to help increasing the sociocultural sharing of the target group, to give support the children of war and to contribute their participation in the social life.<\/p>\n<p>Children who came to the Botanic Garden for the first time in their lives had a great time in Discovery Garden and Maze after eating in the picnic area. Children then entered the classroom to meet others with teachers in the first education week. Children became friendly at once during different activities such as <em>Ways Greetings of different countries, Meeting Others With Balloons, Tell Me the Story, Naming Games for Children.<\/em><\/p>\n<p>Children will be given a certificate of participation at the end of the project which will last from October 2018 to May 2019.<\/p>\n<p>With the support of Welthungerhilfe, compliance activities will continue to be organized.<\/p>\n<div id='gallery-1' class='gallery galleryid-2318 gallery-columns-3 gallery-size-small'><dl class='gallery-item'>\n\t\t\t<dt class='gallery-icon landscape'>\n\t\t\t\t<a href='https:\/\/multeciler.org.tr\/eng\/wp-content\/uploads\/2018\/11\/sigla-agacim-yeseriyor-projesi-basladi-1.jpg' title=\"\" data-rl_title=\"\" class=\"rl-gallery-link\" data-rl_caption=\"\" data-rel=\"lightbox-gallery-1\"><img fetchpriority=\"high\" decoding=\"async\" width=\"1200\" height=\"674\" src=\"https:\/\/multeciler.org.tr\/eng\/wp-content\/uploads\/2018\/11\/sigla-agacim-yeseriyor-projesi-basladi-1.jpg\" class=\"attachment-small size-small\" alt=\"\" srcset=\"https:\/\/multeciler.org.tr\/eng\/wp-content\/uploads\/2018\/11\/sigla-agacim-yeseriyor-projesi-basladi-1.jpg 1200w, https:\/\/multeciler.org.tr\/eng\/wp-content\/uploads\/2018\/11\/sigla-agacim-yeseriyor-projesi-basladi-1-300x169.jpg 300w, https:\/\/multeciler.org.tr\/eng\/wp-content\/uploads\/2018\/11\/sigla-agacim-yeseriyor-projesi-basladi-1-768x431.jpg 768w, https:\/\/multeciler.org.tr\/eng\/wp-content\/uploads\/2018\/11\/sigla-agacim-yeseriyor-projesi-basladi-1-1024x575.jpg 1024w\" sizes=\"(max-width: 1200px) 100vw, 1200px\" \/><\/a>\n\t\t\t<\/dt><\/dl><dl class='gallery-item'>\n\t\t\t<dt class='gallery-icon landscape'>\n\t\t\t\t<a href='https:\/\/multeciler.org.tr\/eng\/wp-content\/uploads\/2018\/11\/sigla-agacim-yeseriyor-projesi-basladi-2.jpg' title=\"\" data-rl_title=\"\" class=\"rl-gallery-link\" data-rl_caption=\"\" data-rel=\"lightbox-gallery-1\"><img decoding=\"async\" width=\"1200\" height=\"674\" src=\"https:\/\/multeciler.org.tr\/eng\/wp-content\/uploads\/2018\/11\/sigla-agacim-yeseriyor-projesi-basladi-2.jpg\" class=\"attachment-small size-small\" alt=\"\" srcset=\"https:\/\/multeciler.org.tr\/eng\/wp-content\/uploads\/2018\/11\/sigla-agacim-yeseriyor-projesi-basladi-2.jpg 1200w, https:\/\/multeciler.org.tr\/eng\/wp-content\/uploads\/2018\/11\/sigla-agacim-yeseriyor-projesi-basladi-2-300x169.jpg 300w, https:\/\/multeciler.org.tr\/eng\/wp-content\/uploads\/2018\/11\/sigla-agacim-yeseriyor-projesi-basladi-2-768x431.jpg 768w, https:\/\/multeciler.org.tr\/eng\/wp-content\/uploads\/2018\/11\/sigla-agacim-yeseriyor-projesi-basladi-2-1024x575.jpg 1024w\" sizes=\"(max-width: 1200px) 100vw, 1200px\" \/><\/a>\n\t\t\t<\/dt><\/dl><dl class='gallery-item'>\n\t\t\t<dt class='gallery-icon landscape'>\n\t\t\t\t<a href='https:\/\/multeciler.org.tr\/eng\/wp-content\/uploads\/2018\/11\/sigla-agacim-yeseriyor-projesi-basladi-3.jpg' title=\"\" data-rl_title=\"\" class=\"rl-gallery-link\" data-rl_caption=\"\" data-rel=\"lightbox-gallery-1\"><img decoding=\"async\" width=\"1200\" height=\"674\" src=\"https:\/\/multeciler.org.tr\/eng\/wp-content\/uploads\/2018\/11\/sigla-agacim-yeseriyor-projesi-basladi-3.jpg\" class=\"attachment-small size-small\" alt=\"\" srcset=\"https:\/\/multeciler.org.tr\/eng\/wp-content\/uploads\/2018\/11\/sigla-agacim-yeseriyor-projesi-basladi-3.jpg 1200w, https:\/\/multeciler.org.tr\/eng\/wp-content\/uploads\/2018\/11\/sigla-agacim-yeseriyor-projesi-basladi-3-300x169.jpg 300w, https:\/\/multeciler.org.tr\/eng\/wp-content\/uploads\/2018\/11\/sigla-agacim-yeseriyor-projesi-basladi-3-768x431.jpg 768w, https:\/\/multeciler.org.tr\/eng\/wp-content\/uploads\/2018\/11\/sigla-agacim-yeseriyor-projesi-basladi-3-1024x575.jpg 1024w\" sizes=\"(max-width: 1200px) 100vw, 1200px\" \/><\/a>\n\t\t\t<\/dt><\/dl><br style=\"clear: both\" \/><dl class='gallery-item'>\n\t\t\t<dt class='gallery-icon landscape'>\n\t\t\t\t<a href='https:\/\/multeciler.org.tr\/eng\/wp-content\/uploads\/2018\/11\/sigla-agacim-yeseriyor-projesi-basladi-4.jpg' title=\"\" data-rl_title=\"\" class=\"rl-gallery-link\" data-rl_caption=\"\" data-rel=\"lightbox-gallery-1\"><img loading=\"lazy\" decoding=\"async\" width=\"1200\" height=\"674\" src=\"https:\/\/multeciler.org.tr\/eng\/wp-content\/uploads\/2018\/11\/sigla-agacim-yeseriyor-projesi-basladi-4.jpg\" class=\"attachment-small size-small\" alt=\"\" srcset=\"https:\/\/multeciler.org.tr\/eng\/wp-content\/uploads\/2018\/11\/sigla-agacim-yeseriyor-projesi-basladi-4.jpg 1200w, https:\/\/multeciler.org.tr\/eng\/wp-content\/uploads\/2018\/11\/sigla-agacim-yeseriyor-projesi-basladi-4-300x169.jpg 300w, https:\/\/multeciler.org.tr\/eng\/wp-content\/uploads\/2018\/11\/sigla-agacim-yeseriyor-projesi-basladi-4-768x431.jpg 768w, https:\/\/multeciler.org.tr\/eng\/wp-content\/uploads\/2018\/11\/sigla-agacim-yeseriyor-projesi-basladi-4-1024x575.jpg 1024w\" sizes=\"(max-width: 1200px) 100vw, 1200px\" \/><\/a>\n\t\t\t<\/dt><\/dl><dl class='gallery-item'>\n\t\t\t<dt class='gallery-icon landscape'>\n\t\t\t\t<a href='https:\/\/multeciler.org.tr\/eng\/wp-content\/uploads\/2018\/11\/sigla-agacim-yeseriyor-projesi-basladi-5.jpg' title=\"\" data-rl_title=\"\" class=\"rl-gallery-link\" data-rl_caption=\"\" data-rel=\"lightbox-gallery-1\"><img loading=\"lazy\" decoding=\"async\" width=\"1200\" height=\"674\" src=\"https:\/\/multeciler.org.tr\/eng\/wp-content\/uploads\/2018\/11\/sigla-agacim-yeseriyor-projesi-basladi-5.jpg\" class=\"attachment-small size-small\" alt=\"\" srcset=\"https:\/\/multeciler.org.tr\/eng\/wp-content\/uploads\/2018\/11\/sigla-agacim-yeseriyor-projesi-basladi-5.jpg 1200w, https:\/\/multeciler.org.tr\/eng\/wp-content\/uploads\/2018\/11\/sigla-agacim-yeseriyor-projesi-basladi-5-300x169.jpg 300w, https:\/\/multeciler.org.tr\/eng\/wp-content\/uploads\/2018\/11\/sigla-agacim-yeseriyor-projesi-basladi-5-768x431.jpg 768w, https:\/\/multeciler.org.tr\/eng\/wp-content\/uploads\/2018\/11\/sigla-agacim-yeseriyor-projesi-basladi-5-1024x575.jpg 1024w\" sizes=\"(max-width: 1200px) 100vw, 1200px\" \/><\/a>\n\t\t\t<\/dt><\/dl><dl class='gallery-item'>\n\t\t\t<dt class='gallery-icon landscape'>\n\t\t\t\t<a href='https:\/\/multeciler.org.tr\/eng\/wp-content\/uploads\/2018\/11\/sigla-agacim-yeseriyor-projesi-basladi-6.jpg' title=\"\" data-rl_title=\"\" class=\"rl-gallery-link\" data-rl_caption=\"\" data-rel=\"lightbox-gallery-1\"><img loading=\"lazy\" decoding=\"async\" width=\"1200\" height=\"674\" src=\"https:\/\/multeciler.org.tr\/eng\/wp-content\/uploads\/2018\/11\/sigla-agacim-yeseriyor-projesi-basladi-6.jpg\" class=\"attachment-small size-small\" alt=\"\" srcset=\"https:\/\/multeciler.org.tr\/eng\/wp-content\/uploads\/2018\/11\/sigla-agacim-yeseriyor-projesi-basladi-6.jpg 1200w, https:\/\/multeciler.org.tr\/eng\/wp-content\/uploads\/2018\/11\/sigla-agacim-yeseriyor-projesi-basladi-6-300x169.jpg 300w, https:\/\/multeciler.org.tr\/eng\/wp-content\/uploads\/2018\/11\/sigla-agacim-yeseriyor-projesi-basladi-6-768x431.jpg 768w, https:\/\/multeciler.org.tr\/eng\/wp-content\/uploads\/2018\/11\/sigla-agacim-yeseriyor-projesi-basladi-6-1024x575.jpg 1024w\" sizes=\"(max-width: 1200px) 100vw, 1200px\" \/><\/a>\n\t\t\t<\/dt><\/dl><br style=\"clear: both\" \/>\n\t\t<\/div>\n\n","protected":false},"excerpt":{"rendered":"<p>My Incence Tree Is Turning Green project in cooperation with Nezahat G\u00f6kyi\u011fit Botanical Garden has started with the participation of 20 students from Z\u00fcbeyde Han\u0131m Primary School. Within this project which puts nature and botany to the center, the trainings are divided into four categories under social development, art and sports to help increasing the&hellip;&nbsp;<a href=\"https:\/\/multeciler.org.tr\/eng\/my-incence-tree-is-turning-green-project\/\" class=\"\" rel=\"bookmark\">Read More &raquo;<span class=\"screen-reader-text\">My Incence Tree Is Turning Green Project<\/span><\/a><\/p>\n","protected":false},"author":1,"featured_media":2319,"comment_status":"closed","ping_status":"open","sticky":false,"template":"","format":"standard","meta":{"neve_meta_sidebar":"","neve_meta_container":"","neve_meta_enable_content_width":"off","neve_meta_content_width":0,"neve_meta_title_alignment":"","neve_meta_author_avatar":"","neve_post_elements_order":"","neve_meta_disable_header":"","neve_meta_disable_footer":"","neve_meta_disable_title":"","footnotes":""},"categories":[4],"tags":[26,98,112,6],"class_list":["post-2318","post","type-post","status-publish","format-standard","has-post-thumbnail","hentry","category-activities","tag-rasas","tag-multeci-cocuklar","tag-sosyal-uyum","tag-welthungerhilfe"],"_links":{"self":[{"href":"https:\/\/multeciler.org.tr\/eng\/wp-json\/wp\/v2\/posts\/2318","targetHints":{"allow":["GET"]}}],"collection":[{"href":"https:\/\/multeciler.org.tr\/eng\/wp-json\/wp\/v2\/posts"}],"about":[{"href":"https:\/\/multeciler.org.tr\/eng\/wp-json\/wp\/v2\/types\/post"}],"author":[{"embeddable":true,"href":"https:\/\/multeciler.org.tr\/eng\/wp-json\/wp\/v2\/users\/1"}],"replies":[{"embeddable":true,"href":"https:\/\/multeciler.org.tr\/eng\/wp-json\/wp\/v2\/comments?post=2318"}],"version-history":[{"count":0,"href":"https:\/\/multeciler.org.tr\/eng\/wp-json\/wp\/v2\/posts\/2318\/revisions"}],"wp:featuredmedia":[{"embeddable":true,"href":"https:\/\/multeciler.org.tr\/eng\/wp-json\/wp\/v2\/media\/2319"}],"wp:attachment":[{"href":"https:\/\/multeciler.org.tr\/eng\/wp-json\/wp\/v2\/media?parent=2318"}],"wp:term":[{"taxonomy":"category","embeddable":true,"href":"https:\/\/multeciler.org.tr\/eng\/wp-json\/wp\/v2\/categories?post=2318"},{"taxonomy":"post_tag","embeddable":true,"href":"https:\/\/multeciler.org.tr\/eng\/wp-json\/wp\/v2\/tags?post=2318"}],"curies":[{"name":"wp","href":"https:\/\/api.w.org\/{rel}","templated":true}]}}