{"id":2213,"date":"2018-08-29T17:16:07","date_gmt":"2018-08-29T14:16:07","guid":{"rendered":"https:\/\/multeciler.org.tr\/eng\/?p=2213"},"modified":"2021-11-15T11:35:45","modified_gmt":"2021-11-15T08:35:45","slug":"empowering-disadvantaged-ethnic-groups-project","status":"publish","type":"post","link":"https:\/\/multeciler.org.tr\/eng\/empowering-disadvantaged-ethnic-groups-project\/","title":{"rendered":"Empowering Disadvantaged Ethnic Groups Project"},"content":{"rendered":"<p>We have started to work on Empowering Disadvantaged Ethnic Refugee Groups in Sultanbeyli with Social Cohesion Project. With the project supported both by the European Union and K\u0131rkayak K\u00fclt\u00fcr, our aim is to determine the suitable strategies for identifying and solving the problems of disadvantaged refugee groups with different ethnic identities. Field interviews will be carried out for a strong evaluation within the scope of the project that will last for four months.<\/p>\n<p><strong>Third Breakfast Meeting<\/strong><br \/>\nWithin the scope of the project, we came together with the participants in a breakfast meeting during which they were able to express themselves actively. The focus of our meeting held in August was on the difficulties the participants have had in Turkey and on what can be done to help. Participants mentioned \u00a0the difficulties they have in achieving their basic life needs and the hate speech and the intolerance against them. We continue to work on how to develop a strategy in order that all problems are to be avoided.<\/p>\n<p><strong>Our Goals For Social Cohesion<\/strong><br \/>\nIn addition the three breakfast meeting and three focus group interviews, three activities will be organized during the project. One of our objectives is to have focus group interviews where the participants are invited and suggestions are offered and discussed. Besides, we are planning to make a workshop on <strong>October 2, 2018. <\/strong>In this workshop program, we aim to contribute to the development of strategies for social cohesion of disadvantaged groups, ethnic groups, Syrian refugees, Gipsies, Dom communities, Wandering Dervish by coming together with the related associations, non-governmental organizations, individuals and local authorities who perform study on this issue.<\/p>\n<div id='gallery-1' class='gallery galleryid-2213 gallery-columns-3 gallery-size-small'><dl class='gallery-item'>\n\t\t\t<dt class='gallery-icon landscape'>\n\t\t\t\t<a href='https:\/\/multeciler.org.tr\/eng\/wp-content\/uploads\/2018\/10\/sultanbeylideki-dezavantajli-etnik-multeci-gruplarin-sosyal-uyum-ile-guclendirilmesi-projesi-1.jpg' title=\"\" data-rl_title=\"\" class=\"rl-gallery-link\" data-rl_caption=\"\" data-rel=\"lightbox-gallery-1\"><img fetchpriority=\"high\" decoding=\"async\" width=\"1200\" height=\"800\" src=\"https:\/\/multeciler.org.tr\/eng\/wp-content\/uploads\/2018\/10\/sultanbeylideki-dezavantajli-etnik-multeci-gruplarin-sosyal-uyum-ile-guclendirilmesi-projesi-1.jpg\" class=\"attachment-small size-small\" alt=\"\" srcset=\"https:\/\/multeciler.org.tr\/eng\/wp-content\/uploads\/2018\/10\/sultanbeylideki-dezavantajli-etnik-multeci-gruplarin-sosyal-uyum-ile-guclendirilmesi-projesi-1.jpg 1200w, https:\/\/multeciler.org.tr\/eng\/wp-content\/uploads\/2018\/10\/sultanbeylideki-dezavantajli-etnik-multeci-gruplarin-sosyal-uyum-ile-guclendirilmesi-projesi-1-300x200.jpg 300w, https:\/\/multeciler.org.tr\/eng\/wp-content\/uploads\/2018\/10\/sultanbeylideki-dezavantajli-etnik-multeci-gruplarin-sosyal-uyum-ile-guclendirilmesi-projesi-1-768x512.jpg 768w, https:\/\/multeciler.org.tr\/eng\/wp-content\/uploads\/2018\/10\/sultanbeylideki-dezavantajli-etnik-multeci-gruplarin-sosyal-uyum-ile-guclendirilmesi-projesi-1-1024x683.jpg 1024w\" sizes=\"(max-width: 1200px) 100vw, 1200px\" \/><\/a>\n\t\t\t<\/dt><\/dl><dl class='gallery-item'>\n\t\t\t<dt class='gallery-icon landscape'>\n\t\t\t\t<a href='https:\/\/multeciler.org.tr\/eng\/wp-content\/uploads\/2018\/10\/sultanbeylideki-dezavantajli-etnik-multeci-gruplarin-sosyal-uyum-ile-guclendirilmesi-projesi-1-1.jpg' title=\"\" data-rl_title=\"\" class=\"rl-gallery-link\" data-rl_caption=\"\" data-rel=\"lightbox-gallery-1\"><img decoding=\"async\" width=\"1200\" height=\"800\" src=\"https:\/\/multeciler.org.tr\/eng\/wp-content\/uploads\/2018\/10\/sultanbeylideki-dezavantajli-etnik-multeci-gruplarin-sosyal-uyum-ile-guclendirilmesi-projesi-1-1.jpg\" class=\"attachment-small size-small\" alt=\"\" srcset=\"https:\/\/multeciler.org.tr\/eng\/wp-content\/uploads\/2018\/10\/sultanbeylideki-dezavantajli-etnik-multeci-gruplarin-sosyal-uyum-ile-guclendirilmesi-projesi-1-1.jpg 1200w, https:\/\/multeciler.org.tr\/eng\/wp-content\/uploads\/2018\/10\/sultanbeylideki-dezavantajli-etnik-multeci-gruplarin-sosyal-uyum-ile-guclendirilmesi-projesi-1-1-300x200.jpg 300w, https:\/\/multeciler.org.tr\/eng\/wp-content\/uploads\/2018\/10\/sultanbeylideki-dezavantajli-etnik-multeci-gruplarin-sosyal-uyum-ile-guclendirilmesi-projesi-1-1-768x512.jpg 768w, https:\/\/multeciler.org.tr\/eng\/wp-content\/uploads\/2018\/10\/sultanbeylideki-dezavantajli-etnik-multeci-gruplarin-sosyal-uyum-ile-guclendirilmesi-projesi-1-1-1024x683.jpg 1024w\" sizes=\"(max-width: 1200px) 100vw, 1200px\" \/><\/a>\n\t\t\t<\/dt><\/dl><dl class='gallery-item'>\n\t\t\t<dt class='gallery-icon landscape'>\n\t\t\t\t<a href='https:\/\/multeciler.org.tr\/eng\/wp-content\/uploads\/2018\/10\/sultanbeylideki-dezavantajli-etnik-multeci-gruplarin-sosyal-uyum-ile-guclendirilmesi-projesi-3.jpg' title=\"\" data-rl_title=\"\" class=\"rl-gallery-link\" data-rl_caption=\"\" data-rel=\"lightbox-gallery-1\"><img decoding=\"async\" width=\"1200\" height=\"800\" src=\"https:\/\/multeciler.org.tr\/eng\/wp-content\/uploads\/2018\/10\/sultanbeylideki-dezavantajli-etnik-multeci-gruplarin-sosyal-uyum-ile-guclendirilmesi-projesi-3.jpg\" class=\"attachment-small size-small\" alt=\"\" srcset=\"https:\/\/multeciler.org.tr\/eng\/wp-content\/uploads\/2018\/10\/sultanbeylideki-dezavantajli-etnik-multeci-gruplarin-sosyal-uyum-ile-guclendirilmesi-projesi-3.jpg 1200w, https:\/\/multeciler.org.tr\/eng\/wp-content\/uploads\/2018\/10\/sultanbeylideki-dezavantajli-etnik-multeci-gruplarin-sosyal-uyum-ile-guclendirilmesi-projesi-3-300x200.jpg 300w, https:\/\/multeciler.org.tr\/eng\/wp-content\/uploads\/2018\/10\/sultanbeylideki-dezavantajli-etnik-multeci-gruplarin-sosyal-uyum-ile-guclendirilmesi-projesi-3-768x512.jpg 768w, https:\/\/multeciler.org.tr\/eng\/wp-content\/uploads\/2018\/10\/sultanbeylideki-dezavantajli-etnik-multeci-gruplarin-sosyal-uyum-ile-guclendirilmesi-projesi-3-1024x683.jpg 1024w\" sizes=\"(max-width: 1200px) 100vw, 1200px\" \/><\/a>\n\t\t\t<\/dt><\/dl><br style=\"clear: both\" \/>\n\t\t<\/div>\n\n","protected":false},"excerpt":{"rendered":"<p>We have started to work on Empowering Disadvantaged Ethnic Refugee Groups in Sultanbeyli with Social Cohesion Project. With the project supported both by the European Union and K\u0131rkayak K\u00fclt\u00fcr, our aim is to determine the suitable strategies for identifying and solving the problems of disadvantaged refugee groups with different ethnic identities. Field interviews will be&hellip;&nbsp;<a href=\"https:\/\/multeciler.org.tr\/eng\/empowering-disadvantaged-ethnic-groups-project\/\" class=\"\" rel=\"bookmark\">Read More &raquo;<span class=\"screen-reader-text\">Empowering Disadvantaged Ethnic Groups Project<\/span><\/a><\/p>\n","protected":false},"author":1,"featured_media":2214,"comment_status":"closed","ping_status":"open","sticky":false,"template":"","format":"standard","meta":{"neve_meta_sidebar":"","neve_meta_container":"","neve_meta_enable_content_width":"off","neve_meta_content_width":0,"neve_meta_title_alignment":"","neve_meta_author_avatar":"","neve_post_elements_order":"","neve_meta_disable_header":"","neve_meta_disable_footer":"","neve_meta_disable_title":"","footnotes":""},"categories":[4],"tags":[125,26,112],"class_list":["post-2213","post","type-post","status-publish","format-standard","has-post-thumbnail","hentry","category-activities","tag-avrupa-birligi","tag-rasas","tag-sosyal-uyum"],"_links":{"self":[{"href":"https:\/\/multeciler.org.tr\/eng\/wp-json\/wp\/v2\/posts\/2213","targetHints":{"allow":["GET"]}}],"collection":[{"href":"https:\/\/multeciler.org.tr\/eng\/wp-json\/wp\/v2\/posts"}],"about":[{"href":"https:\/\/multeciler.org.tr\/eng\/wp-json\/wp\/v2\/types\/post"}],"author":[{"embeddable":true,"href":"https:\/\/multeciler.org.tr\/eng\/wp-json\/wp\/v2\/users\/1"}],"replies":[{"embeddable":true,"href":"https:\/\/multeciler.org.tr\/eng\/wp-json\/wp\/v2\/comments?post=2213"}],"version-history":[{"count":0,"href":"https:\/\/multeciler.org.tr\/eng\/wp-json\/wp\/v2\/posts\/2213\/revisions"}],"wp:featuredmedia":[{"embeddable":true,"href":"https:\/\/multeciler.org.tr\/eng\/wp-json\/wp\/v2\/media\/2214"}],"wp:attachment":[{"href":"https:\/\/multeciler.org.tr\/eng\/wp-json\/wp\/v2\/media?parent=2213"}],"wp:term":[{"taxonomy":"category","embeddable":true,"href":"https:\/\/multeciler.org.tr\/eng\/wp-json\/wp\/v2\/categories?post=2213"},{"taxonomy":"post_tag","embeddable":true,"href":"https:\/\/multeciler.org.tr\/eng\/wp-json\/wp\/v2\/tags?post=2213"}],"curies":[{"name":"wp","href":"https:\/\/api.w.org\/{rel}","templated":true}]}}