{"id":1939,"date":"2018-08-17T11:28:12","date_gmt":"2018-08-17T08:28:12","guid":{"rendered":"https:\/\/multeciler.org.tr\/eng\/?p=1939"},"modified":"2021-11-15T11:36:17","modified_gmt":"2021-11-15T08:36:17","slug":"murat-erdogan-was-the-second-guest-of-the-idea-club","status":"publish","type":"post","link":"https:\/\/multeciler.org.tr\/eng\/murat-erdogan-was-the-second-guest-of-the-idea-club\/","title":{"rendered":"Murat Erdo\u011fan Was The Second Guest of The Idea Club"},"content":{"rendered":"<p>The Idea Club, which we organize as the Refugees Association, continues to make its meetings. We set up the Idea Club to talk about immigration and social cohesion The second conference we held in this activity took place on Thursday, August 9, with Murat Erdogan.<\/p>\n<p><strong>The Speech of Murat Erdo\u011fan<\/strong><br \/>\nMurat Erdo\u011fan made a speech, which is about Syrian refugees in Turkey and social cohesion, in M\u00fclteciler Derne\u011fi. The government politics, non-governmental organizations, the EU\u2019s contribution in this process and insolubilities which it causes, project\u2013focused, funding sources, many differant stakeholders in this field etc. were the main topic titles in his speech. In his speech, which is made with the statistical information obtained from the field, the emphasis was the notion that we should think about how to create an healty environment to live in together. We left behind a fairly useful conversation in terms of how we should manage our immigration experience and to raise awareness about how social policies should be handled in order to ensure social cohesion. The Idea Club will continue with the participation of different guests.<\/p>\n<p><strong>Who is Murat Erdo\u011fan?<\/strong><br \/>\nMurat Erdo\u011fan, who was the academic at the Hacettepe University in the Department of Political Science and Public Administration until November 29, 2017 and the founder of HUGO, is now academician in T\u00fcrk Alman University. He is an academician who is one of the people given the most academic contribution about the experiment of migration that Turkey has lived after the war in Syria. He has boks about the crisis of migration and social cohesion between local people and refugees in Turkey.<\/p>\n<div id='gallery-1' class='gallery galleryid-1939 gallery-columns-3 gallery-size-small'><dl class='gallery-item'>\n\t\t\t<dt class='gallery-icon landscape'>\n\t\t\t\t<a href='https:\/\/multeciler.org.tr\/eng\/wp-content\/uploads\/2018\/08\/fikir-kulubunun-ikinci-konugu-murat-erdogan-01.jpg' title=\"\" data-rl_title=\"\" class=\"rl-gallery-link\" data-rl_caption=\"\" data-rel=\"lightbox-gallery-1\"><img fetchpriority=\"high\" decoding=\"async\" width=\"1200\" height=\"800\" src=\"https:\/\/multeciler.org.tr\/eng\/wp-content\/uploads\/2018\/08\/fikir-kulubunun-ikinci-konugu-murat-erdogan-01.jpg\" class=\"attachment-small size-small\" alt=\"\" srcset=\"https:\/\/multeciler.org.tr\/eng\/wp-content\/uploads\/2018\/08\/fikir-kulubunun-ikinci-konugu-murat-erdogan-01.jpg 1200w, https:\/\/multeciler.org.tr\/eng\/wp-content\/uploads\/2018\/08\/fikir-kulubunun-ikinci-konugu-murat-erdogan-01-300x200.jpg 300w, https:\/\/multeciler.org.tr\/eng\/wp-content\/uploads\/2018\/08\/fikir-kulubunun-ikinci-konugu-murat-erdogan-01-768x512.jpg 768w, https:\/\/multeciler.org.tr\/eng\/wp-content\/uploads\/2018\/08\/fikir-kulubunun-ikinci-konugu-murat-erdogan-01-1024x683.jpg 1024w\" sizes=\"(max-width: 1200px) 100vw, 1200px\" \/><\/a>\n\t\t\t<\/dt><\/dl><dl class='gallery-item'>\n\t\t\t<dt class='gallery-icon landscape'>\n\t\t\t\t<a href='https:\/\/multeciler.org.tr\/eng\/wp-content\/uploads\/2018\/08\/fikir-kulubunun-ikinci-konugu-murat-erdogan-03-1.jpg' title=\"\" data-rl_title=\"\" class=\"rl-gallery-link\" data-rl_caption=\"\" data-rel=\"lightbox-gallery-1\"><img decoding=\"async\" width=\"1200\" height=\"800\" src=\"https:\/\/multeciler.org.tr\/eng\/wp-content\/uploads\/2018\/08\/fikir-kulubunun-ikinci-konugu-murat-erdogan-03-1.jpg\" class=\"attachment-small size-small\" alt=\"\" srcset=\"https:\/\/multeciler.org.tr\/eng\/wp-content\/uploads\/2018\/08\/fikir-kulubunun-ikinci-konugu-murat-erdogan-03-1.jpg 1200w, https:\/\/multeciler.org.tr\/eng\/wp-content\/uploads\/2018\/08\/fikir-kulubunun-ikinci-konugu-murat-erdogan-03-1-300x200.jpg 300w, https:\/\/multeciler.org.tr\/eng\/wp-content\/uploads\/2018\/08\/fikir-kulubunun-ikinci-konugu-murat-erdogan-03-1-768x512.jpg 768w, https:\/\/multeciler.org.tr\/eng\/wp-content\/uploads\/2018\/08\/fikir-kulubunun-ikinci-konugu-murat-erdogan-03-1-1024x683.jpg 1024w\" sizes=\"(max-width: 1200px) 100vw, 1200px\" \/><\/a>\n\t\t\t<\/dt><\/dl><dl class='gallery-item'>\n\t\t\t<dt class='gallery-icon landscape'>\n\t\t\t\t<a href='https:\/\/multeciler.org.tr\/eng\/wp-content\/uploads\/2018\/08\/fikir-kulubunun-ikinci-konugu-murat-erdogan-03-2.jpg' title=\"\" data-rl_title=\"\" class=\"rl-gallery-link\" data-rl_caption=\"\" data-rel=\"lightbox-gallery-1\"><img decoding=\"async\" width=\"1200\" height=\"800\" src=\"https:\/\/multeciler.org.tr\/eng\/wp-content\/uploads\/2018\/08\/fikir-kulubunun-ikinci-konugu-murat-erdogan-03-2.jpg\" class=\"attachment-small size-small\" alt=\"\" srcset=\"https:\/\/multeciler.org.tr\/eng\/wp-content\/uploads\/2018\/08\/fikir-kulubunun-ikinci-konugu-murat-erdogan-03-2.jpg 1200w, https:\/\/multeciler.org.tr\/eng\/wp-content\/uploads\/2018\/08\/fikir-kulubunun-ikinci-konugu-murat-erdogan-03-2-300x200.jpg 300w, https:\/\/multeciler.org.tr\/eng\/wp-content\/uploads\/2018\/08\/fikir-kulubunun-ikinci-konugu-murat-erdogan-03-2-768x512.jpg 768w, https:\/\/multeciler.org.tr\/eng\/wp-content\/uploads\/2018\/08\/fikir-kulubunun-ikinci-konugu-murat-erdogan-03-2-1024x683.jpg 1024w\" sizes=\"(max-width: 1200px) 100vw, 1200px\" \/><\/a>\n\t\t\t<\/dt><\/dl><br style=\"clear: both\" \/>\n\t\t<\/div>\n\n","protected":false},"excerpt":{"rendered":"<p>The Idea Club, which we organize as the Refugees Association, continues to make its meetings. We set up the Idea Club to talk about immigration and social cohesion The second conference we held in this activity took place on Thursday, August 9, with Murat Erdogan. The Speech of Murat Erdo\u011fan Murat Erdo\u011fan made a speech,&hellip;&nbsp;<a href=\"https:\/\/multeciler.org.tr\/eng\/murat-erdogan-was-the-second-guest-of-the-idea-club\/\" class=\"\" rel=\"bookmark\">Read More &raquo;<span class=\"screen-reader-text\">Murat Erdo\u011fan Was The Second Guest of The Idea Club<\/span><\/a><\/p>\n","protected":false},"author":1,"featured_media":4841,"comment_status":"closed","ping_status":"open","sticky":false,"template":"","format":"standard","meta":{"neve_meta_sidebar":"","neve_meta_container":"","neve_meta_enable_content_width":"off","neve_meta_content_width":0,"neve_meta_title_alignment":"","neve_meta_author_avatar":"","neve_post_elements_order":"","neve_meta_disable_header":"","neve_meta_disable_footer":"","neve_meta_disable_title":"","footnotes":""},"categories":[4],"tags":[168,26,39,23,112,169],"class_list":["post-1939","post","type-post","status-publish","format-standard","has-post-thumbnail","hentry","category-activities","tag-prof-dr-murat-erdogan","tag-rasas","tag-multeciler","tag-multeciler-toplum-merkezi","tag-sosyal-uyum","tag-sultanbeyli-fikir-kulubu"],"_links":{"self":[{"href":"https:\/\/multeciler.org.tr\/eng\/wp-json\/wp\/v2\/posts\/1939","targetHints":{"allow":["GET"]}}],"collection":[{"href":"https:\/\/multeciler.org.tr\/eng\/wp-json\/wp\/v2\/posts"}],"about":[{"href":"https:\/\/multeciler.org.tr\/eng\/wp-json\/wp\/v2\/types\/post"}],"author":[{"embeddable":true,"href":"https:\/\/multeciler.org.tr\/eng\/wp-json\/wp\/v2\/users\/1"}],"replies":[{"embeddable":true,"href":"https:\/\/multeciler.org.tr\/eng\/wp-json\/wp\/v2\/comments?post=1939"}],"version-history":[{"count":0,"href":"https:\/\/multeciler.org.tr\/eng\/wp-json\/wp\/v2\/posts\/1939\/revisions"}],"wp:featuredmedia":[{"embeddable":true,"href":"https:\/\/multeciler.org.tr\/eng\/wp-json\/wp\/v2\/media\/4841"}],"wp:attachment":[{"href":"https:\/\/multeciler.org.tr\/eng\/wp-json\/wp\/v2\/media?parent=1939"}],"wp:term":[{"taxonomy":"category","embeddable":true,"href":"https:\/\/multeciler.org.tr\/eng\/wp-json\/wp\/v2\/categories?post=1939"},{"taxonomy":"post_tag","embeddable":true,"href":"https:\/\/multeciler.org.tr\/eng\/wp-json\/wp\/v2\/tags?post=1939"}],"curies":[{"name":"wp","href":"https:\/\/api.w.org\/{rel}","templated":true}]}}