{"id":3316,"date":"2018-12-17T17:32:02","date_gmt":"2018-12-17T14:32:02","guid":{"rendered":"https:\/\/multeciler.org.tr\/ar\/?p=3316"},"modified":"2022-06-21T15:53:18","modified_gmt":"2022-06-21T12:53:18","slug":"%d8%a7%d8%ad%d8%aa%d9%81%d9%84%d9%86%d8%a7-%d8%a8%d8%a3%d8%b3%d8%a8%d9%88%d8%b9-%d9%85%d9%88%d9%84%d8%a7%d9%86%d8%a7-%d9%85%d8%b9-%d8%b7%d9%84%d8%a7%d8%a8-%d8%b1%d9%8a%d8%a7%d8%b6-%d8%a7%d9%84%d8%a3","status":"publish","type":"post","link":"https:\/\/multeciler.org.tr\/ar\/?p=3316","title":{"rendered":"\u0627\u062d\u062a\u0641\u0644\u0646\u0627 \u0628\u0623\u0633\u0628\u0648\u0639 \u0645\u0648\u0644\u0627\u0646\u0627 \u0645\u0639 \u0637\u0644\u0627\u0628 \u0627\u0644\u0631\u0648\u0636\u0629"},"content":{"rendered":"<p>\u0627\u062d\u062a\u0641\u0644\u0646\u0627 \u0628\u0623\u0633\u0628\u0648\u0639 \u0645\u0648\u0644\u0627\u0646\u0627 \u0645\u0646 7 \u0625\u0644\u0649 17 \u0643\u0627\u0646\u0648\u0646 \u0627\u0644\u0623\u0648\u0644 \u0645\u0639 \u0627\u0644\u0623\u0637\u0641\u0627\u0644 \u0641\u064a \u0627\u0644\u0645\u0646\u0637\u0642\u0629 \u0627\u0644\u0635\u062f\u064a\u0642\u0629 \u0644\u0644\u0623\u0637\u0641\u0627\u0644 \u0641\u064a \u0645\u0631\u0643\u0632 \u0645\u062c\u062a\u0645\u0639 \u0627\u0644\u0644\u0627\u062c\u0626\u064a\u0646 \u0636\u0645\u0646 \u0646\u0637\u0627\u0642 \u0627\u0644\u0641\u0639\u0627\u0644\u064a\u0629 \u060c \u0643\u0627\u0646 \u0627\u0644\u0647\u062f\u0641 \u062a\u0639\u0644\u064a\u0645 \u0627\u0644\u0623\u0637\u0641\u0627\u0644 \u0639\u0646 \u0627\u0644\u062d\u0628 \u0648\u0627\u0644\u062a\u0633\u0627\u0645\u062d \u0648\u0627\u0644\u0637\u0631\u064a\u0642\u0629 \u0627\u0644\u062a\u064a \u064a\u0646\u0638\u0631\u0648\u0646 \u0628\u0647\u0627 \u0625\u0644\u0649 \u0627\u0644\u0646\u0627\u0633<\/p>\n<p>\u062a\u0645 \u0634\u0631\u062d 7 \u0646\u0635\u0627\u0626\u062d \u0644\u0644\u0623\u0637\u0641\u0627\u0644 \u0639\u0646 \u0631\u0648\u0627\u064a\u0627\u062a \u0645\u0648\u0644\u0627\u0646\u0627<br \/>\n\u0645\u0646 \u0623\u062c\u0644 \u0631\u0641\u0639 \u0627\u0644\u0648\u0639\u064a \u0628\u0642\u064a\u0645\u0646\u0627 \u0641\u064a \u0627\u0644\u0645\u0646\u0637\u0642\u0629 \u0627\u0644\u0635\u062f\u064a\u0642\u0629 \u0644\u0644\u0623\u0637\u0641\u0627\u0644 \u062a\u0645\u062a \u0642\u0631\u0627\u0621\u0629 \u0627\u0644\u0642\u0635\u0635 \u0648\u0645\u0646\u0647\u0627 \u0642\u0635\u0629 \u0645\u064a\u0633\u0646\u0641\u064a \u060c \u0648\u0642\u0627\u0645\u0648\u0627 \u0627\u0644\u0623\u0637\u0641\u0627\u0644 \u0628\u062a\u0644\u0648\u064a\u0646 \u0634\u0643\u0644 \u062f\u0648\u0645\u0649 \u0627\u0644\u062f\u0631\u0648\u064a\u0634 \u060c \u0648\u0641\u064a \u0627\u0644\u0646\u0647\u0627\u064a\u0629 \u062a\u0645 \u0634\u0631\u062d \u0639\u0646 7 \u0646\u0635\u0627\u0626\u062d \u0644\u0645\u0648\u0644\u0627\u0646\u0627 \u0644\u0627\u0646\u0647\u0627 \u0645\u0646 \u0623\u0647\u0645 \u0627\u0644\u0645\u0648\u0631\u0648\u062b\u0627\u062a \u0627\u0644\u0642\u064a\u0645\u0629 \u062c\u062f\u0627 \u0645\u0646 \u0627\u0644\u0645\u0627\u0636\u064a \u0625\u0644\u0649 \u064a\u0648\u0645\u0646\u0627 \u0647\u0630\u0627<\/p>\n<div class=\"nv-iframe-embed\"><iframe title=\"Anaokulu \u00d6\u011frencileriyle Mevlana Haftas\u0131n\u0131 Kutlad\u0131k\" width=\"1200\" height=\"675\" src=\"https:\/\/www.youtube.com\/embed\/SwUVomfjc5w?feature=oembed\" frameborder=\"0\" allow=\"accelerometer; autoplay; clipboard-write; encrypted-media; gyroscope; picture-in-picture\" allowfullscreen><\/iframe><\/div>\n<div id='gallery-1' class='gallery galleryid-3316 gallery-columns-3 gallery-size-small'><dl class='gallery-item'>\n\t\t\t<dt class='gallery-icon landscape'>\n\t\t\t\t<a href='https:\/\/multeciler.org.tr\/ar\/wp-content\/uploads\/2018\/12\/anaokulu-ogrencileriyle-mevlana-haftasini-kutladik-1.jpg' title=\"\" data-rl_title=\"\" class=\"rl-gallery-link\" data-rl_caption=\"\" data-rel=\"lightbox-gallery-1\"><img fetchpriority=\"high\" decoding=\"async\" width=\"1200\" height=\"800\" src=\"https:\/\/multeciler.org.tr\/ar\/wp-content\/uploads\/2018\/12\/anaokulu-ogrencileriyle-mevlana-haftasini-kutladik-1.jpg\" class=\"attachment-small size-small\" alt=\"\" srcset=\"https:\/\/multeciler.org.tr\/ar\/wp-content\/uploads\/2018\/12\/anaokulu-ogrencileriyle-mevlana-haftasini-kutladik-1.jpg 1200w, https:\/\/multeciler.org.tr\/ar\/wp-content\/uploads\/2018\/12\/anaokulu-ogrencileriyle-mevlana-haftasini-kutladik-1-300x200.jpg 300w, https:\/\/multeciler.org.tr\/ar\/wp-content\/uploads\/2018\/12\/anaokulu-ogrencileriyle-mevlana-haftasini-kutladik-1-768x512.jpg 768w, https:\/\/multeciler.org.tr\/ar\/wp-content\/uploads\/2018\/12\/anaokulu-ogrencileriyle-mevlana-haftasini-kutladik-1-1024x683.jpg 1024w\" sizes=\"(max-width: 1200px) 100vw, 1200px\" \/><\/a>\n\t\t\t<\/dt><\/dl><dl class='gallery-item'>\n\t\t\t<dt class='gallery-icon landscape'>\n\t\t\t\t<a href='https:\/\/multeciler.org.tr\/ar\/wp-content\/uploads\/2018\/12\/anaokulu-ogrencileriyle-mevlana-haftasini-kutladik-2.jpg' title=\"\" data-rl_title=\"\" class=\"rl-gallery-link\" data-rl_caption=\"\" data-rel=\"lightbox-gallery-1\"><img decoding=\"async\" width=\"1200\" height=\"800\" src=\"https:\/\/multeciler.org.tr\/ar\/wp-content\/uploads\/2018\/12\/anaokulu-ogrencileriyle-mevlana-haftasini-kutladik-2.jpg\" class=\"attachment-small size-small\" alt=\"\" srcset=\"https:\/\/multeciler.org.tr\/ar\/wp-content\/uploads\/2018\/12\/anaokulu-ogrencileriyle-mevlana-haftasini-kutladik-2.jpg 1200w, https:\/\/multeciler.org.tr\/ar\/wp-content\/uploads\/2018\/12\/anaokulu-ogrencileriyle-mevlana-haftasini-kutladik-2-300x200.jpg 300w, https:\/\/multeciler.org.tr\/ar\/wp-content\/uploads\/2018\/12\/anaokulu-ogrencileriyle-mevlana-haftasini-kutladik-2-768x512.jpg 768w, https:\/\/multeciler.org.tr\/ar\/wp-content\/uploads\/2018\/12\/anaokulu-ogrencileriyle-mevlana-haftasini-kutladik-2-1024x683.jpg 1024w\" sizes=\"(max-width: 1200px) 100vw, 1200px\" \/><\/a>\n\t\t\t<\/dt><\/dl><dl class='gallery-item'>\n\t\t\t<dt class='gallery-icon landscape'>\n\t\t\t\t<a href='https:\/\/multeciler.org.tr\/ar\/wp-content\/uploads\/2018\/12\/anaokulu-ogrencileriyle-mevlana-haftasini-kutladik-3.jpg' title=\"\" data-rl_title=\"\" class=\"rl-gallery-link\" data-rl_caption=\"\" data-rel=\"lightbox-gallery-1\"><img decoding=\"async\" width=\"1200\" height=\"800\" src=\"https:\/\/multeciler.org.tr\/ar\/wp-content\/uploads\/2018\/12\/anaokulu-ogrencileriyle-mevlana-haftasini-kutladik-3.jpg\" class=\"attachment-small size-small\" alt=\"\" srcset=\"https:\/\/multeciler.org.tr\/ar\/wp-content\/uploads\/2018\/12\/anaokulu-ogrencileriyle-mevlana-haftasini-kutladik-3.jpg 1200w, https:\/\/multeciler.org.tr\/ar\/wp-content\/uploads\/2018\/12\/anaokulu-ogrencileriyle-mevlana-haftasini-kutladik-3-300x200.jpg 300w, https:\/\/multeciler.org.tr\/ar\/wp-content\/uploads\/2018\/12\/anaokulu-ogrencileriyle-mevlana-haftasini-kutladik-3-768x512.jpg 768w, https:\/\/multeciler.org.tr\/ar\/wp-content\/uploads\/2018\/12\/anaokulu-ogrencileriyle-mevlana-haftasini-kutladik-3-1024x683.jpg 1024w\" sizes=\"(max-width: 1200px) 100vw, 1200px\" \/><\/a>\n\t\t\t<\/dt><\/dl><br style=\"clear: both\" \/><dl class='gallery-item'>\n\t\t\t<dt class='gallery-icon landscape'>\n\t\t\t\t<a href='https:\/\/multeciler.org.tr\/ar\/wp-content\/uploads\/2018\/12\/anaokulu-ogrencileriyle-mevlana-haftasini-kutladik-4.jpg' title=\"\" data-rl_title=\"\" class=\"rl-gallery-link\" data-rl_caption=\"\" data-rel=\"lightbox-gallery-1\"><img loading=\"lazy\" decoding=\"async\" width=\"1200\" height=\"800\" src=\"https:\/\/multeciler.org.tr\/ar\/wp-content\/uploads\/2018\/12\/anaokulu-ogrencileriyle-mevlana-haftasini-kutladik-4.jpg\" class=\"attachment-small size-small\" alt=\"\" srcset=\"https:\/\/multeciler.org.tr\/ar\/wp-content\/uploads\/2018\/12\/anaokulu-ogrencileriyle-mevlana-haftasini-kutladik-4.jpg 1200w, https:\/\/multeciler.org.tr\/ar\/wp-content\/uploads\/2018\/12\/anaokulu-ogrencileriyle-mevlana-haftasini-kutladik-4-300x200.jpg 300w, https:\/\/multeciler.org.tr\/ar\/wp-content\/uploads\/2018\/12\/anaokulu-ogrencileriyle-mevlana-haftasini-kutladik-4-768x512.jpg 768w, https:\/\/multeciler.org.tr\/ar\/wp-content\/uploads\/2018\/12\/anaokulu-ogrencileriyle-mevlana-haftasini-kutladik-4-1024x683.jpg 1024w\" sizes=\"(max-width: 1200px) 100vw, 1200px\" \/><\/a>\n\t\t\t<\/dt><\/dl><dl class='gallery-item'>\n\t\t\t<dt class='gallery-icon landscape'>\n\t\t\t\t<a href='https:\/\/multeciler.org.tr\/ar\/wp-content\/uploads\/2018\/12\/anaokulu-ogrencileriyle-mevlana-haftasini-kutladik-5.jpg' title=\"\" data-rl_title=\"\" class=\"rl-gallery-link\" data-rl_caption=\"\" data-rel=\"lightbox-gallery-1\"><img loading=\"lazy\" decoding=\"async\" width=\"1200\" height=\"800\" src=\"https:\/\/multeciler.org.tr\/ar\/wp-content\/uploads\/2018\/12\/anaokulu-ogrencileriyle-mevlana-haftasini-kutladik-5.jpg\" class=\"attachment-small size-small\" alt=\"\" srcset=\"https:\/\/multeciler.org.tr\/ar\/wp-content\/uploads\/2018\/12\/anaokulu-ogrencileriyle-mevlana-haftasini-kutladik-5.jpg 1200w, https:\/\/multeciler.org.tr\/ar\/wp-content\/uploads\/2018\/12\/anaokulu-ogrencileriyle-mevlana-haftasini-kutladik-5-300x200.jpg 300w, https:\/\/multeciler.org.tr\/ar\/wp-content\/uploads\/2018\/12\/anaokulu-ogrencileriyle-mevlana-haftasini-kutladik-5-768x512.jpg 768w, https:\/\/multeciler.org.tr\/ar\/wp-content\/uploads\/2018\/12\/anaokulu-ogrencileriyle-mevlana-haftasini-kutladik-5-1024x683.jpg 1024w\" sizes=\"(max-width: 1200px) 100vw, 1200px\" \/><\/a>\n\t\t\t<\/dt><\/dl><dl class='gallery-item'>\n\t\t\t<dt class='gallery-icon landscape'>\n\t\t\t\t<a href='https:\/\/multeciler.org.tr\/ar\/wp-content\/uploads\/2018\/12\/anaokulu-ogrencileriyle-mevlana-haftasini-kutladik-6.jpg' title=\"\" data-rl_title=\"\" class=\"rl-gallery-link\" data-rl_caption=\"\" data-rel=\"lightbox-gallery-1\"><img loading=\"lazy\" decoding=\"async\" width=\"1200\" height=\"800\" src=\"https:\/\/multeciler.org.tr\/ar\/wp-content\/uploads\/2018\/12\/anaokulu-ogrencileriyle-mevlana-haftasini-kutladik-6.jpg\" class=\"attachment-small size-small\" alt=\"\" srcset=\"https:\/\/multeciler.org.tr\/ar\/wp-content\/uploads\/2018\/12\/anaokulu-ogrencileriyle-mevlana-haftasini-kutladik-6.jpg 1200w, https:\/\/multeciler.org.tr\/ar\/wp-content\/uploads\/2018\/12\/anaokulu-ogrencileriyle-mevlana-haftasini-kutladik-6-300x200.jpg 300w, https:\/\/multeciler.org.tr\/ar\/wp-content\/uploads\/2018\/12\/anaokulu-ogrencileriyle-mevlana-haftasini-kutladik-6-768x512.jpg 768w, https:\/\/multeciler.org.tr\/ar\/wp-content\/uploads\/2018\/12\/anaokulu-ogrencileriyle-mevlana-haftasini-kutladik-6-1024x683.jpg 1024w\" sizes=\"(max-width: 1200px) 100vw, 1200px\" \/><\/a>\n\t\t\t<\/dt><\/dl><br style=\"clear: both\" \/><dl class='gallery-item'>\n\t\t\t<dt class='gallery-icon landscape'>\n\t\t\t\t<a href='https:\/\/multeciler.org.tr\/ar\/wp-content\/uploads\/2018\/12\/anaokulu-ogrencileriyle-mevlana-haftasini-kutladik-7.jpg' title=\"\" data-rl_title=\"\" class=\"rl-gallery-link\" data-rl_caption=\"\" data-rel=\"lightbox-gallery-1\"><img loading=\"lazy\" decoding=\"async\" width=\"1200\" height=\"800\" src=\"https:\/\/multeciler.org.tr\/ar\/wp-content\/uploads\/2018\/12\/anaokulu-ogrencileriyle-mevlana-haftasini-kutladik-7.jpg\" class=\"attachment-small size-small\" alt=\"\" srcset=\"https:\/\/multeciler.org.tr\/ar\/wp-content\/uploads\/2018\/12\/anaokulu-ogrencileriyle-mevlana-haftasini-kutladik-7.jpg 1200w, https:\/\/multeciler.org.tr\/ar\/wp-content\/uploads\/2018\/12\/anaokulu-ogrencileriyle-mevlana-haftasini-kutladik-7-300x200.jpg 300w, https:\/\/multeciler.org.tr\/ar\/wp-content\/uploads\/2018\/12\/anaokulu-ogrencileriyle-mevlana-haftasini-kutladik-7-768x512.jpg 768w, https:\/\/multeciler.org.tr\/ar\/wp-content\/uploads\/2018\/12\/anaokulu-ogrencileriyle-mevlana-haftasini-kutladik-7-1024x683.jpg 1024w\" sizes=\"(max-width: 1200px) 100vw, 1200px\" \/><\/a>\n\t\t\t<\/dt><\/dl><dl class='gallery-item'>\n\t\t\t<dt class='gallery-icon landscape'>\n\t\t\t\t<a href='https:\/\/multeciler.org.tr\/ar\/wp-content\/uploads\/2018\/12\/anaokulu-ogrencileriyle-mevlana-haftasini-kutladik-8.jpg' title=\"\" data-rl_title=\"\" class=\"rl-gallery-link\" data-rl_caption=\"\" data-rel=\"lightbox-gallery-1\"><img loading=\"lazy\" decoding=\"async\" width=\"1200\" height=\"800\" src=\"https:\/\/multeciler.org.tr\/ar\/wp-content\/uploads\/2018\/12\/anaokulu-ogrencileriyle-mevlana-haftasini-kutladik-8.jpg\" class=\"attachment-small size-small\" alt=\"\" srcset=\"https:\/\/multeciler.org.tr\/ar\/wp-content\/uploads\/2018\/12\/anaokulu-ogrencileriyle-mevlana-haftasini-kutladik-8.jpg 1200w, https:\/\/multeciler.org.tr\/ar\/wp-content\/uploads\/2018\/12\/anaokulu-ogrencileriyle-mevlana-haftasini-kutladik-8-300x200.jpg 300w, https:\/\/multeciler.org.tr\/ar\/wp-content\/uploads\/2018\/12\/anaokulu-ogrencileriyle-mevlana-haftasini-kutladik-8-768x512.jpg 768w, https:\/\/multeciler.org.tr\/ar\/wp-content\/uploads\/2018\/12\/anaokulu-ogrencileriyle-mevlana-haftasini-kutladik-8-1024x683.jpg 1024w\" sizes=\"(max-width: 1200px) 100vw, 1200px\" \/><\/a>\n\t\t\t<\/dt><\/dl><dl class='gallery-item'>\n\t\t\t<dt class='gallery-icon landscape'>\n\t\t\t\t<a href='https:\/\/multeciler.org.tr\/ar\/wp-content\/uploads\/2018\/12\/anaokulu-ogrencileriyle-mevlana-haftasini-kutladik-9.jpg' title=\"\" data-rl_title=\"\" class=\"rl-gallery-link\" data-rl_caption=\"\" data-rel=\"lightbox-gallery-1\"><img loading=\"lazy\" decoding=\"async\" width=\"1200\" height=\"800\" src=\"https:\/\/multeciler.org.tr\/ar\/wp-content\/uploads\/2018\/12\/anaokulu-ogrencileriyle-mevlana-haftasini-kutladik-9.jpg\" class=\"attachment-small size-small\" alt=\"\" srcset=\"https:\/\/multeciler.org.tr\/ar\/wp-content\/uploads\/2018\/12\/anaokulu-ogrencileriyle-mevlana-haftasini-kutladik-9.jpg 1200w, https:\/\/multeciler.org.tr\/ar\/wp-content\/uploads\/2018\/12\/anaokulu-ogrencileriyle-mevlana-haftasini-kutladik-9-300x200.jpg 300w, https:\/\/multeciler.org.tr\/ar\/wp-content\/uploads\/2018\/12\/anaokulu-ogrencileriyle-mevlana-haftasini-kutladik-9-768x512.jpg 768w, https:\/\/multeciler.org.tr\/ar\/wp-content\/uploads\/2018\/12\/anaokulu-ogrencileriyle-mevlana-haftasini-kutladik-9-1024x683.jpg 1024w\" sizes=\"(max-width: 1200px) 100vw, 1200px\" \/><\/a>\n\t\t\t<\/dt><\/dl><br style=\"clear: both\" \/><dl class='gallery-item'>\n\t\t\t<dt class='gallery-icon landscape'>\n\t\t\t\t<a href='https:\/\/multeciler.org.tr\/ar\/wp-content\/uploads\/2018\/12\/anaokulu-ogrencileriyle-mevlana-haftasini-kutladik-10.jpg' title=\"\" data-rl_title=\"\" class=\"rl-gallery-link\" data-rl_caption=\"\" data-rel=\"lightbox-gallery-1\"><img loading=\"lazy\" decoding=\"async\" width=\"1200\" height=\"800\" src=\"https:\/\/multeciler.org.tr\/ar\/wp-content\/uploads\/2018\/12\/anaokulu-ogrencileriyle-mevlana-haftasini-kutladik-10.jpg\" class=\"attachment-small size-small\" alt=\"\" srcset=\"https:\/\/multeciler.org.tr\/ar\/wp-content\/uploads\/2018\/12\/anaokulu-ogrencileriyle-mevlana-haftasini-kutladik-10.jpg 1200w, https:\/\/multeciler.org.tr\/ar\/wp-content\/uploads\/2018\/12\/anaokulu-ogrencileriyle-mevlana-haftasini-kutladik-10-300x200.jpg 300w, https:\/\/multeciler.org.tr\/ar\/wp-content\/uploads\/2018\/12\/anaokulu-ogrencileriyle-mevlana-haftasini-kutladik-10-768x512.jpg 768w, https:\/\/multeciler.org.tr\/ar\/wp-content\/uploads\/2018\/12\/anaokulu-ogrencileriyle-mevlana-haftasini-kutladik-10-1024x683.jpg 1024w\" sizes=\"(max-width: 1200px) 100vw, 1200px\" \/><\/a>\n\t\t\t<\/dt><\/dl><dl class='gallery-item'>\n\t\t\t<dt class='gallery-icon landscape'>\n\t\t\t\t<a href='https:\/\/multeciler.org.tr\/ar\/wp-content\/uploads\/2018\/12\/anaokulu-ogrencileriyle-mevlana-haftasini-kutladik-11.jpg' title=\"\" data-rl_title=\"\" class=\"rl-gallery-link\" data-rl_caption=\"\" data-rel=\"lightbox-gallery-1\"><img loading=\"lazy\" decoding=\"async\" width=\"1200\" height=\"800\" src=\"https:\/\/multeciler.org.tr\/ar\/wp-content\/uploads\/2018\/12\/anaokulu-ogrencileriyle-mevlana-haftasini-kutladik-11.jpg\" class=\"attachment-small size-small\" alt=\"\" srcset=\"https:\/\/multeciler.org.tr\/ar\/wp-content\/uploads\/2018\/12\/anaokulu-ogrencileriyle-mevlana-haftasini-kutladik-11.jpg 1200w, https:\/\/multeciler.org.tr\/ar\/wp-content\/uploads\/2018\/12\/anaokulu-ogrencileriyle-mevlana-haftasini-kutladik-11-300x200.jpg 300w, https:\/\/multeciler.org.tr\/ar\/wp-content\/uploads\/2018\/12\/anaokulu-ogrencileriyle-mevlana-haftasini-kutladik-11-768x512.jpg 768w, https:\/\/multeciler.org.tr\/ar\/wp-content\/uploads\/2018\/12\/anaokulu-ogrencileriyle-mevlana-haftasini-kutladik-11-1024x683.jpg 1024w\" sizes=\"(max-width: 1200px) 100vw, 1200px\" \/><\/a>\n\t\t\t<\/dt><\/dl><dl class='gallery-item'>\n\t\t\t<dt class='gallery-icon landscape'>\n\t\t\t\t<a href='https:\/\/multeciler.org.tr\/ar\/wp-content\/uploads\/2018\/12\/anaokulu-ogrencileriyle-mevlana-haftasini-kutladik-12.jpg' title=\"\" data-rl_title=\"\" class=\"rl-gallery-link\" data-rl_caption=\"\" data-rel=\"lightbox-gallery-1\"><img loading=\"lazy\" decoding=\"async\" width=\"1200\" height=\"800\" src=\"https:\/\/multeciler.org.tr\/ar\/wp-content\/uploads\/2018\/12\/anaokulu-ogrencileriyle-mevlana-haftasini-kutladik-12.jpg\" class=\"attachment-small size-small\" alt=\"\" srcset=\"https:\/\/multeciler.org.tr\/ar\/wp-content\/uploads\/2018\/12\/anaokulu-ogrencileriyle-mevlana-haftasini-kutladik-12.jpg 1200w, https:\/\/multeciler.org.tr\/ar\/wp-content\/uploads\/2018\/12\/anaokulu-ogrencileriyle-mevlana-haftasini-kutladik-12-300x200.jpg 300w, https:\/\/multeciler.org.tr\/ar\/wp-content\/uploads\/2018\/12\/anaokulu-ogrencileriyle-mevlana-haftasini-kutladik-12-768x512.jpg 768w, https:\/\/multeciler.org.tr\/ar\/wp-content\/uploads\/2018\/12\/anaokulu-ogrencileriyle-mevlana-haftasini-kutladik-12-1024x683.jpg 1024w\" sizes=\"(max-width: 1200px) 100vw, 1200px\" \/><\/a>\n\t\t\t<\/dt><\/dl><br style=\"clear: both\" \/>\n\t\t<\/div>\n\n","protected":false},"excerpt":{"rendered":"<p>\u0627\u062d\u062a\u0641\u0644\u0646\u0627 \u0628\u0623\u0633\u0628\u0648\u0639 \u0645\u0648\u0644\u0627\u0646\u0627 \u0645\u0646 7 \u0625\u0644\u0649 17 \u0643\u0627\u0646\u0648\u0646 \u0627\u0644\u0623\u0648\u0644 \u0645\u0639 \u0627\u0644\u0623\u0637\u0641\u0627\u0644 \u0641\u064a \u0627\u0644\u0645\u0646\u0637\u0642\u0629 \u0627\u0644\u0635\u062f\u064a\u0642\u0629 \u0644\u0644\u0623\u0637\u0641\u0627\u0644 \u0641\u064a \u0645\u0631\u0643\u0632 \u0645\u062c\u062a\u0645\u0639 \u0627\u0644\u0644\u0627\u062c\u0626\u064a\u0646 \u0636\u0645\u0646 \u0646\u0637\u0627\u0642 \u0627\u0644\u0641\u0639\u0627\u0644\u064a\u0629 \u060c \u0643\u0627\u0646 \u0627\u0644\u0647\u062f\u0641 \u062a\u0639\u0644\u064a\u0645 \u0627\u0644\u0623\u0637\u0641\u0627\u0644 \u0639\u0646 \u0627\u0644\u062d\u0628 \u0648\u0627\u0644\u062a\u0633\u0627\u0645\u062d \u0648\u0627\u0644\u0637\u0631\u064a\u0642\u0629 \u0627\u0644\u062a\u064a \u064a\u0646\u0638\u0631\u0648\u0646 \u0628\u0647\u0627 \u0625\u0644\u0649 \u0627\u0644\u0646\u0627\u0633 \u062a\u0645 \u0634\u0631\u062d 7 \u0646\u0635\u0627\u0626\u062d \u0644\u0644\u0623\u0637\u0641\u0627\u0644 \u0639\u0646 \u0631\u0648\u0627\u064a\u0627\u062a \u0645\u0648\u0644\u0627\u0646\u0627 \u0645\u0646 \u0623\u062c\u0644 \u0631\u0641\u0639 \u0627\u0644\u0648\u0639\u064a \u0628\u0642\u064a\u0645\u0646\u0627 \u0641\u064a \u0627\u0644\u0645\u0646\u0637\u0642\u0629 \u0627\u0644\u0635\u062f\u064a\u0642\u0629 \u0644\u0644\u0623\u0637\u0641\u0627\u0644 \u062a\u0645\u062a \u0642\u0631\u0627\u0621\u0629&hellip;&nbsp;<a href=\"https:\/\/multeciler.org.tr\/ar\/?p=3316\" class=\"\" rel=\"bookmark\">\u0627\u0642\u0631\u0623 \u0627\u0644\u0645\u0632\u064a\u062f &raquo;<span class=\"screen-reader-text\">\u0627\u062d\u062a\u0641\u0644\u0646\u0627 \u0628\u0623\u0633\u0628\u0648\u0639 \u0645\u0648\u0644\u0627\u0646\u0627 \u0645\u0639 \u0637\u0644\u0627\u0628 \u0627\u0644\u0631\u0648\u0636\u0629<\/span><\/a><\/p>\n","protected":false},"author":1,"featured_media":3317,"comment_status":"closed","ping_status":"open","sticky":false,"template":"","format":"standard","meta":{"neve_meta_sidebar":"","neve_meta_container":"","neve_meta_enable_content_width":"off","neve_meta_content_width":70,"neve_meta_title_alignment":"","neve_meta_author_avatar":"","neve_post_elements_order":"","neve_meta_disable_header":"","neve_meta_disable_footer":"","neve_meta_disable_title":"","footnotes":""},"categories":[6],"tags":[],"class_list":["post-3316","post","type-post","status-publish","format-standard","has-post-thumbnail","hentry","category-multeciler-dernegi"],"_links":{"self":[{"href":"https:\/\/multeciler.org.tr\/ar\/index.php?rest_route=\/wp\/v2\/posts\/3316","targetHints":{"allow":["GET"]}}],"collection":[{"href":"https:\/\/multeciler.org.tr\/ar\/index.php?rest_route=\/wp\/v2\/posts"}],"about":[{"href":"https:\/\/multeciler.org.tr\/ar\/index.php?rest_route=\/wp\/v2\/types\/post"}],"author":[{"embeddable":true,"href":"https:\/\/multeciler.org.tr\/ar\/index.php?rest_route=\/wp\/v2\/users\/1"}],"replies":[{"embeddable":true,"href":"https:\/\/multeciler.org.tr\/ar\/index.php?rest_route=%2Fwp%2Fv2%2Fcomments&post=3316"}],"version-history":[{"count":2,"href":"https:\/\/multeciler.org.tr\/ar\/index.php?rest_route=\/wp\/v2\/posts\/3316\/revisions"}],"predecessor-version":[{"id":8189,"href":"https:\/\/multeciler.org.tr\/ar\/index.php?rest_route=\/wp\/v2\/posts\/3316\/revisions\/8189"}],"wp:featuredmedia":[{"embeddable":true,"href":"https:\/\/multeciler.org.tr\/ar\/index.php?rest_route=\/wp\/v2\/media\/3317"}],"wp:attachment":[{"href":"https:\/\/multeciler.org.tr\/ar\/index.php?rest_route=%2Fwp%2Fv2%2Fmedia&parent=3316"}],"wp:term":[{"taxonomy":"category","embeddable":true,"href":"https:\/\/multeciler.org.tr\/ar\/index.php?rest_route=%2Fwp%2Fv2%2Fcategories&post=3316"},{"taxonomy":"post_tag","embeddable":true,"href":"https:\/\/multeciler.org.tr\/ar\/index.php?rest_route=%2Fwp%2Fv2%2Ftags&post=3316"}],"curies":[{"name":"wp","href":"https:\/\/api.w.org\/{rel}","templated":true}]}}